{"id":765,"date":"2026-04-27T03:12:40","date_gmt":"2026-04-27T03:12:40","guid":{"rendered":"https:\/\/urprimezone.com\/blog\/?p=765"},"modified":"2026-04-27T03:16:25","modified_gmt":"2026-04-27T03:16:25","slug":"superstars-missing-world-cup-2026","status":"publish","type":"post","link":"https:\/\/urprimezone.com\/blog\/superstars-missing-world-cup-2026\/","title":{"rendered":"Superstars who will miss the World Cup 2026 due to injury!"},"content":{"rendered":"<div id=\"model-response-message-contentr_f63b2ae0104648c9\" class=\"markdown markdown-main-panel stronger enable-updated-hr-color\" dir=\"ltr\" aria-live=\"polite\" aria-busy=\"false\">\n<p data-path-to-node=\"1\"><span style=\"font-size: inherit;\">The biggest and most prestigious mega event in the football world, the <a href=\"https:\/\/www.fifa.com\/en\/tournaments\/mens\/worldcup\/canadamexicousa2026\" target=\"_blank\" rel=\"noopener\">FIFA World Cup 2026<\/a>, is just a few months away. For the first time in history, this mega tournament is going to be held across three North American countries\u2014the United States, Mexico, and Canada\u2014with the participation of 48 teams. There is no end to the excitement among billions of football lovers worldwide. Every participating country is building their squads with their best tactical plans, and fans are anxiously counting the days to see their favorite stars dominate the world stage.<\/span><\/p>\n<p data-path-to-node=\"2\">But hidden behind this joy, excitement, and massive craze lies a story of extreme disappointment and pain\u2014injuries. The biggest dream of a professional footballer&#8217;s life is to take the field on the world&#8217;s biggest stage wearing their country&#8217;s jersey. Unfortunately, right before the start of the tournament, the World Cup dreams of several world-class stars have been completely shattered due to severe injuries. The extremely tight schedule of modern football, the pressure of club football, and the physical toll are having a terrible impact on the players, and this long list of injuries is a tragic proof of that. In today&#8217;s blog, we will discuss in detail those star footballers who have definitely been ruled out of the upcoming 2026 World Cup due to recent injuries.<\/p>\n<p><blockquote class=\"wp-embedded-content\" data-secret=\"BOtyslIuWh\"><a href=\"https:\/\/urprimezone.com\/blog\/ballon-dor-2026-power-rankings\/\">Ballon d&#8217;Or 2026 Power Rankings &amp; Ceremony Date<\/a><\/blockquote><iframe loading=\"lazy\" class=\"wp-embedded-content\" sandbox=\"allow-scripts\" security=\"restricted\" style=\"position: absolute; visibility: hidden;\" title=\"&#8220;Ballon d&#8217;Or 2026 Power Rankings &amp; Ceremony Date&#8221; &#8212; UR Prime Zone\" src=\"https:\/\/urprimezone.com\/blog\/ballon-dor-2026-power-rankings\/embed\/#?secret=27XPCf75rb#?secret=BOtyslIuWh\" data-secret=\"BOtyslIuWh\" width=\"600\" height=\"338\" frameborder=\"0\" marginwidth=\"0\" marginheight=\"0\" scrolling=\"no\"><\/iframe><\/p>\n<div id=\"ez-toc-container\" class=\"ez-toc-v2_0_82_2 counter-hierarchy ez-toc-counter ez-toc-grey ez-toc-container-direction\">\n<div class=\"ez-toc-title-container\">\n<p class=\"ez-toc-title\" style=\"cursor:inherit\">Table of Contents<\/p>\n<span class=\"ez-toc-title-toggle\"><a href=\"#\" class=\"ez-toc-pull-right ez-toc-btn ez-toc-btn-xs ez-toc-btn-default ez-toc-toggle\" aria-label=\"Toggle Table of Content\"><span class=\"ez-toc-js-icon-con\"><span class=\"\"><span class=\"eztoc-hide\" style=\"display:none;\">Toggle<\/span><span class=\"ez-toc-icon-toggle-span\"><svg style=\"fill: #999;color:#999\" xmlns=\"http:\/\/www.w3.org\/2000\/svg\" class=\"list-377408\" width=\"20px\" height=\"20px\" viewBox=\"0 0 24 24\" fill=\"none\"><path d=\"M6 6H4v2h2V6zm14 0H8v2h12V6zM4 11h2v2H4v-2zm16 0H8v2h12v-2zM4 16h2v2H4v-2zm16 0H8v2h12v-2z\" fill=\"currentColor\"><\/path><\/svg><svg style=\"fill: #999;color:#999\" class=\"arrow-unsorted-368013\" xmlns=\"http:\/\/www.w3.org\/2000\/svg\" width=\"10px\" height=\"10px\" viewBox=\"0 0 24 24\" version=\"1.2\" baseProfile=\"tiny\"><path d=\"M18.2 9.3l-6.2-6.3-6.2 6.3c-.2.2-.3.4-.3.7s.1.5.3.7c.2.2.4.3.7.3h11c.3 0 .5-.1.7-.3.2-.2.3-.5.3-.7s-.1-.5-.3-.7zM5.8 14.7l6.2 6.3 6.2-6.3c.2-.2.3-.5.3-.7s-.1-.5-.3-.7c-.2-.2-.4-.3-.7-.3h-11c-.3 0-.5.1-.7.3-.2.2-.3.5-.3.7s.1.5.3.7z\"\/><\/svg><\/span><\/span><\/span><\/a><\/span><\/div>\n<nav><ul class='ez-toc-list ez-toc-list-level-1 ' ><li class='ez-toc-page-1 ez-toc-heading-level-2'><a class=\"ez-toc-link ez-toc-heading-1\" href=\"https:\/\/urprimezone.com\/blog\/superstars-missing-world-cup-2026\/#1_The_Dreadful_Grip_of_ACL_Injuries_From_Rodrygo_to_Samu\" >1. The Dreadful Grip of ACL Injuries: From Rodrygo to Samu<\/a><\/li><li class='ez-toc-page-1 ez-toc-heading-level-2'><a class=\"ez-toc-link ez-toc-heading-2\" href=\"https:\/\/urprimezone.com\/blog\/superstars-missing-world-cup-2026\/#2_The_Tragedy_of_Ruptured_Achilles_Tendons\" >2. The Tragedy of Ruptured Achilles Tendons<\/a><\/li><li class='ez-toc-page-1 ez-toc-heading-level-2'><a class=\"ez-toc-link ez-toc-heading-3\" href=\"https:\/\/urprimezone.com\/blog\/superstars-missing-world-cup-2026\/#3_Muscle_Injuries_and_Other_Severe_Setbacks\" >3. Muscle Injuries and Other Severe Setbacks<\/a><\/li><li class='ez-toc-page-1 ez-toc-heading-level-2'><a class=\"ez-toc-link ez-toc-heading-4\" href=\"https:\/\/urprimezone.com\/blog\/superstars-missing-world-cup-2026\/#4_Those_Whose_Fitness_Remains_a_Major_Concern\" >4. Those Whose Fitness Remains a Major Concern<\/a><\/li><li class='ez-toc-page-1 ez-toc-heading-level-2'><a class=\"ez-toc-link ez-toc-heading-5\" href=\"https:\/\/urprimezone.com\/blog\/superstars-missing-world-cup-2026\/#Tactical_Impact_and_the_Future_of_the_Players\" >Tactical Impact and the Future of the Players<\/a><\/li><\/ul><\/nav><\/div>\n<h2 data-path-to-node=\"3\"><span class=\"ez-toc-section\" id=\"1_The_Dreadful_Grip_of_ACL_Injuries_From_Rodrygo_to_Samu\"><\/span><b data-path-to-node=\"3\" data-index-in-node=\"0\">1. The Dreadful Grip of ACL Injuries: From Rodrygo to Samu<\/b><span class=\"ez-toc-section-end\"><\/span><\/h2>\n<p data-path-to-node=\"3\">An Anterior Cruciate Ligament or ACL injury is an absolute nightmare for any athlete or footballer. It takes about 9 to 12 months to recover and return to the pitch. Ahead of this World Cup, this horrific injury has snatched away the dreams of several talented stars.<\/p>\n<ul data-path-to-node=\"4\">\n<li>\n<p data-path-to-node=\"4,0,0\"><b data-path-to-node=\"4,0,0\" data-index-in-node=\"0\">Rodrygo Goes (Brazil \/ Real Madrid):<\/b> The biggest blow for five-time world champions Brazil, now under Carlo Ancelotti, came last March. Coming on as a substitute in a Spanish La Liga match against Getafe, Rodrygo tore the ACL and meniscus in his right knee. The speedy Real Madrid winger described it as &#8220;one of the worst days of my life.&#8221; His absence in Brazil&#8217;s attack is irreplaceable, and it is a massive tactical headache for Ancelotti.<\/p>\n<\/li>\n<li>\n<p data-path-to-node=\"4,1,0\"><b data-path-to-node=\"4,1,0\" data-index-in-node=\"0\">Samu Aghehowa (Spain \/ Porto):<\/b> This 21-year-old young and emerging Spanish striker was in incredible form for Porto. He had scored 13 goals in just 20 league matches this season. But in February, he tore his ACL in a high-voltage match against Sporting CP. As a result, he was tragically deprived of the dream of playing his first World Cup.<\/p>\n<\/li>\n<li>\n<p data-path-to-node=\"4,2,0\"><b data-path-to-node=\"4,2,0\" data-index-in-node=\"0\">Takumi Minamino (Japan \/ Monaco):<\/b> This experienced Japanese forward, playing for the French club Monaco, has also been ruled out of the World Cup due to an ACL injury. Before the injury, he was in great rhythm with 4 goals and 3 assists in 21 matches. His experience in Japan&#8217;s attacking third was very crucial for the team.<\/p>\n<\/li>\n<li>\n<p data-path-to-node=\"4,3,0\"><b data-path-to-node=\"4,3,0\" data-index-in-node=\"0\">Joaqu\u00edn Panichelli (Argentina \/ Strasbourg):<\/b> This talented Argentine forward has suffered an ACL injury for the second time in just two years. He made his national team debut just last November, but this injury sustained in March has taken away his dream of securing a spot in the World Cup squad.<\/p>\n<\/li>\n<\/ul>\n<p><blockquote class=\"wp-embedded-content\" data-secret=\"73LC3CH2Rs\"><a href=\"https:\/\/urprimezone.com\/blog\/european-golden-boot-race-2026\/\">European Golden Boot 2025-26: The End of the Messi-Ronaldo Era and the Race of the New Generation<\/a><\/blockquote><iframe loading=\"lazy\" class=\"wp-embedded-content\" sandbox=\"allow-scripts\" security=\"restricted\" style=\"position: absolute; visibility: hidden;\" title=\"&#8220;European Golden Boot 2025-26: The End of the Messi-Ronaldo Era and the Race of the New Generation&#8221; &#8212; UR Prime Zone\" src=\"https:\/\/urprimezone.com\/blog\/european-golden-boot-race-2026\/embed\/#?secret=JCeAdqQEWb#?secret=73LC3CH2Rs\" data-secret=\"73LC3CH2Rs\" width=\"600\" height=\"338\" frameborder=\"0\" marginwidth=\"0\" marginheight=\"0\" scrolling=\"no\"><\/iframe><\/p>\n<h2 data-path-to-node=\"5\"><span class=\"ez-toc-section\" id=\"2_The_Tragedy_of_Ruptured_Achilles_Tendons\"><\/span><b data-path-to-node=\"5\" data-index-in-node=\"0\">2. The Tragedy of Ruptured Achilles Tendons<\/b><span class=\"ez-toc-section-end\"><\/span><\/h2>\n<p data-path-to-node=\"5\">Just as terrifying and career-threatening as an ACL tear is a ruptured Achilles tendon, which has sidelined multiple star players for an extended period.<\/p>\n<ul data-path-to-node=\"6\">\n<li>\n<p data-path-to-node=\"6,0,0\"><b data-path-to-node=\"6,0,0\" data-index-in-node=\"0\">Hugo Ekitik\u00e9 (France \/ Liverpool):<\/b> The French striker Ekitik\u00e9 fell victim to this terrible injury while playing for Liverpool against PSG in the UEFA Champions League quarter-finals. He picked up the injury just half an hour into the match. He has been sidelined for at least nine months, meaning there will be no place for him in a strong French World Cup squad.<\/p>\n<\/li>\n<li>\n<p data-path-to-node=\"6,1,0\"><b data-path-to-node=\"6,1,0\" data-index-in-node=\"0\">Luis \u00c1ngel Malag\u00f3n (Mexico \/ Club Am\u00e9rica):<\/b> This is a massive blow for host nation Mexico. The team&#8217;s first-choice goalkeeper Malag\u00f3n will miss the World Cup after tearing his Achilles tendon against Philadelphia Union in March. After the injury, he wrote on social media, &#8220;My soul is crushed.&#8221; As a result, Mexico has been forced to call up 40-year-old veteran Guillermo Ochoa to the squad once again.<\/p>\n<\/li>\n<li>\n<p data-path-to-node=\"6,2,0\"><b data-path-to-node=\"6,2,0\" data-index-in-node=\"0\">Patrick Agyemang (USA \/ Derby):<\/b> Striker Agyemang from another host nation, the USA, suffered a severe Achilles injury in Derby&#8217;s 2-0 victory over Stoke City in April. The 25-year-old forward lost a massive opportunity to play in the World Cup on home soil, in front of familiar fans.<\/p>\n<\/li>\n<\/ul>\n<p>Read our previous analysis on\u00a0<a href=\"https:\/\/urprimezone.com\/blog\/fifa-world-cup-2026-unknown-facts\/\">World Cup 2026: Unknown Facts &amp; Historic Changes<\/a><\/p>\n<h2 data-path-to-node=\"7\"><span class=\"ez-toc-section\" id=\"3_Muscle_Injuries_and_Other_Severe_Setbacks\"><\/span><b data-path-to-node=\"7\" data-index-in-node=\"0\">3. Muscle Injuries and Other Severe Setbacks<\/b><span class=\"ez-toc-section-end\"><\/span><\/h2>\n<ul data-path-to-node=\"8\">\n<li>\n<p data-path-to-node=\"8,0,0\"><b data-path-to-node=\"8,0,0\" data-index-in-node=\"0\">Serge Gnabry (Germany \/ Bayern Munich):<\/b> Four-time world champions Germany have lost one of their best wingers. Just this April, Gnabry tore his right thigh muscle (adductor muscle) during a routine training session before a match against Stuttgart. Coach Julian Nagelsmann called the incident &#8220;very bitter news&#8221; for the team, stating that such an event at the very end of the season has dealt a blow to the team&#8217;s morale.<\/p>\n<\/li>\n<li>\n<p data-path-to-node=\"8,1,0\"><b data-path-to-node=\"8,1,0\" data-index-in-node=\"0\">Jack Grealish (England \/ Manchester City):<\/b> The star English midfielder had to undergo surgery after suffering a stress fracture in his foot against his former club Aston Villa in January. Since he hasn&#8217;t fully recovered from the injury, he won&#8217;t be playing in Gareth Southgate&#8217;s World Cup squad.<\/p>\n<\/li>\n<\/ul>\n<p><blockquote class=\"wp-embedded-content\" data-secret=\"mkAn9rprMx\"><a href=\"https:\/\/urprimezone.com\/blog\/lamine-yamal-laureus-award-win\/\">Laureus Awards: Why is Lamine Yamal World Football&#8217;s New &#8216;Poster Boy&#8217;? And all the new records of Lamine Yamal<\/a><\/blockquote><iframe loading=\"lazy\" class=\"wp-embedded-content\" sandbox=\"allow-scripts\" security=\"restricted\" style=\"position: absolute; visibility: hidden;\" title=\"&#8220;Laureus Awards: Why is Lamine Yamal World Football&#8217;s New &#8216;Poster Boy&#8217;? And all the new records of Lamine Yamal&#8221; &#8212; UR Prime Zone\" src=\"https:\/\/urprimezone.com\/blog\/lamine-yamal-laureus-award-win\/embed\/#?secret=QyVqbpPCnF#?secret=mkAn9rprMx\" data-secret=\"mkAn9rprMx\" width=\"600\" height=\"338\" frameborder=\"0\" marginwidth=\"0\" marginheight=\"0\" scrolling=\"no\"><\/iframe><\/p>\n<h2 data-path-to-node=\"9\"><span class=\"ez-toc-section\" id=\"4_Those_Whose_Fitness_Remains_a_Major_Concern\"><\/span><b data-path-to-node=\"9\" data-index-in-node=\"0\">4. Those Whose Fitness Remains a Major Concern<\/b><span class=\"ez-toc-section-end\"><\/span><\/h2>\n<p data-path-to-node=\"9\">Although not completely ruled out due to injury, there are strong doubts regarding the World Cup participation of several big stars due to fitness issues. Prominent among them is Spanish wonderkid <b data-path-to-node=\"9\" data-index-in-node=\"244\">Lamine Yamal<\/b>. There are now major concerns over the World Cup participation of this youngster, who has been in incredible form for Barcelona. This is because he recently suffered a severe hamstring injury in a match against Celta Vigo. The Spanish medical team is quite literally racing against time to see if he can regain 100% match fitness before the start of the tournament. In addition, there are deep question marks over the fitness of Brazilian young talent Est\u00eav\u00e3o and Turkey&#8217;s Arda G\u00fcler.<\/p>\n<h2 data-path-to-node=\"10\"><span class=\"ez-toc-section\" id=\"Tactical_Impact_and_the_Future_of_the_Players\"><\/span><b data-path-to-node=\"10\" data-index-in-node=\"0\">Tactical Impact and the Future of the Players<\/b><span class=\"ez-toc-section-end\"><\/span><\/h2>\n<p data-path-to-node=\"10\">Such unexpected absences of key players in football inevitably force a complete change in the tactics and psychology of any team. Without Rodrygo, Brazil coach Carlo Ancelotti will have to reorganize their wing play and pressing strategies. Similarly, Mexico has to prepare Ochoa anew as the final sentinel of their defense. Organizations like FIFA and UEFA need to rethink the amount of physical toll players have to take in modern football.<\/p>\n<p data-path-to-node=\"11\"><b data-path-to-node=\"11\" data-index-in-node=\"0\">Conclusion<\/b><\/p>\n<p data-path-to-node=\"11\">The FIFA World Cup is a grand gathering of the world&#8217;s best stars. But missing out on players like Rodrygo, Gnabry, Samu, or Grealish from the squad due to the curse of injuries is a massive disappointment for football fans all over the world. Amidst this cruel reality of modern football, we hope that those who are still fighting to regain fitness will recover quickly, return to the pitch, and prove themselves on the world stage.<\/p>\n<\/div>\n\n\n<p><\/p>\n","protected":false},"excerpt":{"rendered":"<p>The biggest and most prestigious mega event in the football world, the FIFA World Cup 2026, is just a few months away. For the first time in history, this mega tournament is going to be held across three North American countries\u2014the United States, Mexico, and Canada\u2014with the participation of 48 teams. There is no end &#8230; <a title=\"Superstars who will miss the World Cup 2026 due to injury!\" class=\"read-more\" href=\"https:\/\/urprimezone.com\/blog\/superstars-missing-world-cup-2026\/\" aria-label=\"Read more about Superstars who will miss the World Cup 2026 due to injury!\">Read more<\/a><\/p>\n","protected":false},"author":1,"featured_media":776,"comment_status":"open","ping_status":"open","sticky":false,"template":"","format":"standard","meta":{"footnotes":""},"categories":[141],"tags":[32,215,147,217,216,218],"class_list":["post-765","post","type-post","status-publish","format-standard","has-post-thumbnail","hentry","category-football","tag-fifa-world-cup-2026","tag-football-injury-updates","tag-football-news","tag-players-missing-world-cup","tag-world-cup-2026-injury-list","tag-world-cup-2026-news"],"_links":{"self":[{"href":"https:\/\/urprimezone.com\/blog\/wp-json\/wp\/v2\/posts\/765","targetHints":{"allow":["GET"]}}],"collection":[{"href":"https:\/\/urprimezone.com\/blog\/wp-json\/wp\/v2\/posts"}],"about":[{"href":"https:\/\/urprimezone.com\/blog\/wp-json\/wp\/v2\/types\/post"}],"author":[{"embeddable":true,"href":"https:\/\/urprimezone.com\/blog\/wp-json\/wp\/v2\/users\/1"}],"replies":[{"embeddable":true,"href":"https:\/\/urprimezone.com\/blog\/wp-json\/wp\/v2\/comments?post=765"}],"version-history":[{"count":6,"href":"https:\/\/urprimezone.com\/blog\/wp-json\/wp\/v2\/posts\/765\/revisions"}],"predecessor-version":[{"id":771,"href":"https:\/\/urprimezone.com\/blog\/wp-json\/wp\/v2\/posts\/765\/revisions\/771"}],"wp:featuredmedia":[{"embeddable":true,"href":"https:\/\/urprimezone.com\/blog\/wp-json\/wp\/v2\/media\/776"}],"wp:attachment":[{"href":"https:\/\/urprimezone.com\/blog\/wp-json\/wp\/v2\/media?parent=765"}],"wp:term":[{"taxonomy":"category","embeddable":true,"href":"https:\/\/urprimezone.com\/blog\/wp-json\/wp\/v2\/categories?post=765"},{"taxonomy":"post_tag","embeddable":true,"href":"https:\/\/urprimezone.com\/blog\/wp-json\/wp\/v2\/tags?post=765"}],"curies":[{"name":"wp","href":"https:\/\/api.w.org\/{rel}","templated":true}]}}